{"id":1477,"date":"2018-02-02T23:33:02","date_gmt":"2018-02-02T22:33:02","guid":{"rendered":"https:\/\/www.pgwinti.ch\/?p=1477"},"modified":"2018-02-04T21:17:28","modified_gmt":"2018-02-04T20:17:28","slug":"eroeffnung-der-jubilaeums-fotoausstellung","status":"publish","type":"post","link":"https:\/\/www.pgwinti.ch\/?p=1477","title":{"rendered":"Er\u00f6ffnung der Jubil\u00e4ums-Fotoausstellung"},"content":{"rendered":"<section  class='av_textblock_section av-av_textblock-2de302bf1aa3cf4c9157dbe6f50ac7eb '   itemscope=\"itemscope\" itemtype=\"https:\/\/schema.org\/BlogPosting\" itemprop=\"blogPost\" ><div class='avia_textblock'  itemprop=\"text\" ><h4>Er\u00f6ffnung der Jubil\u00e4ums-Fotoausstellung<\/h4>\n<p>Am Freitag, 2. Februar 2018 wurde im Rahmen eines Festaktes das Jubil\u00e4um von 125 Jahren Photographische Gesellschaft Winterthur geb\u00fchrend gew\u00fcrdigt. Der Anlass war gleichzeitig die Vernissage f\u00fcr die Jubil\u00e4ums-Fotoausstellung.<\/p>\n<p>Es war dem Verein eine besondere Ehre, dass mehrere der <strong>ehemaligen PGW-Pr\u00e4sidenten <\/strong>der Einladung gefolgt sind.<\/p>\n<p>Die Anwesenheit von Herrn <strong>Andreas Lanz<\/strong> aus dem Vorstand von <strong>Photosuisse<\/strong>, brachte die Wertsch\u00e4tzung vom Schweizer Verband f\u00fcr die Fotografie zum Ausdruck.<\/p>\n<p>Auch die Delegation von 8 Fotografen des befreundeten <strong>Fotoclubs ESV-Feldkirch<\/strong> aus \u00d6sterreich, die nach Winterthur angereist kamen und dadurch f\u00fcr den internationalen Rahmen sorgten, bereitete der PGW Freude.<\/p>\n<p>Nach Grussworten vom Stadtrat Stefan Fritschi und der Festrede des PGW-Pr\u00e4sidenten Peter Bihr folgte das Gastreferat vom Journalist und Autor Res Strehle zum Thema &#8222;Was ist ein gutes Bild?&#8220;.<\/p>\n<p><strong>Stefan Fritschi<\/strong> w\u00fcrdigte vor allem den langen Zeitraum von 125 Jahren. Es gibt wenig Institutionen, Vereine oder Betriebe in Winterthur, die auf eine l\u00e4ngere durchgehende Geschichte zur\u00fcckblicken k\u00f6nnen.<\/p>\n<p><strong>Peter Bihr<\/strong> streifte f\u00fcr die Festgemeinde durch die Chronik und zeigte H\u00f6hen und Tiefen aus der Vereinsgeschichte auf und sorgte mit ausgew\u00e4hlten Anekdoten f\u00fcr einige Lacher.<\/p>\n<p>Die mehr als 90 anwesenden G\u00e4ste und Mitglieder folgten gespannt den Ausf\u00fchrungen des langj\u00e4hrigen Bildredaktors <strong>Res Strehle<\/strong> zu den Kriterien die ein Bild haben muss, um es auf die Titelseiten in den Medien zu schaffen.<\/p>\n<p>Die Ausstellung ist noch bis 27. Februar 2018 von Montag bis Samstag bis 23.00 Uhr frei zug\u00e4nglich. Gezeigt werden 43 Bilder von 19 PGW-Fotograf\/innen aus den Bereichen Reiseimpressionen, Portrait, Architektur, Landschaft und Tiere.<\/p>\n<p>W\u00e4hrend der Dauer der Ausstellung gibt es jeden Freitag um 19.00 Uhr gef\u00fchrte Rundg\u00e4nge von den Fotografen, die Ausk\u00fcnfte zum Verein und zu den Bildern geben.<\/p>\n<\/div><\/section>\n<div class='avia-data-table-wrap av-av_table-79567314f19fdf27597651e950bcbb3a avia_responsive_table avia-table-1'><table  class='avia-table avia-data-table avia_pricing_default  avia-builder-el-1  el_after_av_textblock  el_before_av_textblock '  itemscope=\"itemscope\" itemtype=\"https:\/\/schema.org\/Table\" ><tbody><tr class=''><td class=''>Dauer der Ausstellung:<\/td><td class=''>Samstag 03. Februar bis Dienstag 27. Februar 2018<\/td><\/tr><tr class=''><td class=''>Ort:<\/td><td class=''>Alte Kaserne Winterthur, Technikumstrasse 8<\/td><\/tr><tr class=''><td class=''>\u00d6ffentlich zug\u00e4nglich:<\/td><td class=''>von Montag (9:00 Uhr) bis Samstag (bis 23.00 Uhr)<\/td><\/tr><tr class=''><td class=''>Gef\u00fchrte Rundg\u00e4nge:<\/td><td class=''>kostenlos und ohne Voranmeldung w\u00e4hrend der Dauer der Ausstellung, jeden Freitag um 19.00 Uhr mit Fotografen des Vereins<\/td><\/tr><tr class=''><td class=''>Ausgestellte Werke:<\/td><td class=''>19 Fotografinnen und Fotografen, 43 fotografische Werke<\/td><\/tr><tr class=''><td class=''>Hauptsponsor:<\/td><td class=''>CEWE Fotobuch<\/td><\/tr><\/tbody><\/table><\/div>\n<section  class='av_textblock_section av-av_textblock-2de302bf1aa3cf4c9157dbe6f50ac7eb '   itemscope=\"itemscope\" itemtype=\"https:\/\/schema.org\/BlogPosting\" itemprop=\"blogPost\" ><div class='avia_textblock'  itemprop=\"text\" ><div id=\"jig1\" class=\"justified-image-grid jig-aa64a2fe1860a5be82dee1867736cef2 jig-preset-c3 jig-source-wp-gallery jig-rml-id-74\"><div class=\"jig-clearfix\"><\/div><noscript id=\"jig1-html\" class=\"justified-image-grid-html\" data-lazy-src=\"skiplazyload\" data-src=\"skipunveillazyload\"><ul><li><a href=\"https:\/\/www.pgwinti.ch\/wp-content\/uploads\/2018\/02\/ND4_2454-1200x800.jpg\"><img loading=\"lazy\" decoding=\"async\" src=\"https:\/\/www.pgwinti.ch\/wp-content\/plugins\/justified-image-grid\/timthumb.php?src=https%3A%2F%2Fwww.pgwinti.ch%2Fwp-content%2Fuploads%2F2018%2F02%2FND4_2454-1200x800.jpg&amp;h=230&amp;q=90&amp;f=.jpg\" alt=\"Felix Bordogna\" width=\"345\" height=\"230\" \/><\/a><p class=\"jig-HTMLdescription\">Felix Bordogna<\/p><\/li><li><a href=\"https:\/\/www.pgwinti.ch\/wp-content\/uploads\/2018\/02\/ND4_2353-1200x800.jpg\"><img loading=\"lazy\" decoding=\"async\" src=\"https:\/\/www.pgwinti.ch\/wp-content\/plugins\/justified-image-grid\/timthumb.php?src=https%3A%2F%2Fwww.pgwinti.ch%2Fwp-content%2Fuploads%2F2018%2F02%2FND4_2353-1200x800.jpg&amp;h=230&amp;q=90&amp;f=.jpg\" alt=\"Felix Bordogna\" width=\"345\" height=\"230\" \/><\/a><p class=\"jig-HTMLdescription\">Felix Bordogna<\/p><\/li><li><a href=\"https:\/\/www.pgwinti.ch\/wp-content\/uploads\/2018\/02\/PGW-Ausstellung-2018-Felix-Bordogna-880.jpg\"><img loading=\"lazy\" decoding=\"async\" src=\"https:\/\/www.pgwinti.ch\/wp-content\/plugins\/justified-image-grid\/timthumb.php?src=https%3A%2F%2Fwww.pgwinti.ch%2Fwp-content%2Fuploads%2F2018%2F02%2FPGW-Ausstellung-2018-Felix-Bordogna-880.jpg&amp;h=230&amp;q=90&amp;f=.jpg\" alt=\"Felix Bordogna\" width=\"344\" height=\"230\" \/><\/a><p class=\"jig-HTMLdescription\">Felix Bordogna<\/p><\/li><li><a href=\"https:\/\/www.pgwinti.ch\/wp-content\/uploads\/2018\/02\/ND4_2356-800x1200.jpg\"><img loading=\"lazy\" decoding=\"async\" src=\"https:\/\/www.pgwinti.ch\/wp-content\/plugins\/justified-image-grid\/timthumb.php?src=https%3A%2F%2Fwww.pgwinti.ch%2Fwp-content%2Fuploads%2F2018%2F02%2FND4_2356-800x1200.jpg&amp;h=230&amp;q=90&amp;f=.jpg\" alt=\"Felix Bordogna\" width=\"153\" height=\"230\" \/><\/a><p class=\"jig-HTMLdescription\">Felix Bordogna<\/p><\/li><li><a href=\"https:\/\/www.pgwinti.ch\/wp-content\/uploads\/2018\/02\/ND4_2347-1200x799.jpg\"><img loading=\"lazy\" decoding=\"async\" src=\"https:\/\/www.pgwinti.ch\/wp-content\/plugins\/justified-image-grid\/timthumb.php?src=https%3A%2F%2Fwww.pgwinti.ch%2Fwp-content%2Fuploads%2F2018%2F02%2FND4_2347-1200x799.jpg&amp;h=230&amp;q=90&amp;f=.jpg\" alt=\"Felix Bordogna\" width=\"345\" height=\"230\" \/><\/a><p class=\"jig-HTMLdescription\">Felix Bordogna<\/p><\/li><li><a href=\"https:\/\/www.pgwinti.ch\/wp-content\/uploads\/2018\/02\/ND4_2466-1200x800.jpg\"><img loading=\"lazy\" decoding=\"async\" src=\"https:\/\/www.pgwinti.ch\/wp-content\/plugins\/justified-image-grid\/timthumb.php?src=https%3A%2F%2Fwww.pgwinti.ch%2Fwp-content%2Fuploads%2F2018%2F02%2FND4_2466-1200x800.jpg&amp;h=230&amp;q=90&amp;f=.jpg\" alt=\"Felix Bordogna\" width=\"345\" height=\"230\" \/><\/a><p class=\"jig-HTMLdescription\">Felix Bordogna<\/p><\/li><li><a href=\"https:\/\/www.pgwinti.ch\/wp-content\/uploads\/2018\/02\/ND4_2478-1200x1200.jpg\"><img loading=\"lazy\" decoding=\"async\" src=\"https:\/\/www.pgwinti.ch\/wp-content\/plugins\/justified-image-grid\/timthumb.php?src=https%3A%2F%2Fwww.pgwinti.ch%2Fwp-content%2Fuploads%2F2018%2F02%2FND4_2478-1200x1200.jpg&amp;h=230&amp;q=90&amp;f=.jpg\" alt=\"Felix Bordogna\" width=\"230\" height=\"230\" \/><\/a><p class=\"jig-HTMLdescription\">Felix Bordogna<\/p><\/li><li><a href=\"https:\/\/www.pgwinti.ch\/wp-content\/uploads\/2018\/02\/ND4_2432-1200x800.jpg\"><img loading=\"lazy\" decoding=\"async\" src=\"https:\/\/www.pgwinti.ch\/wp-content\/plugins\/justified-image-grid\/timthumb.php?src=https%3A%2F%2Fwww.pgwinti.ch%2Fwp-content%2Fuploads%2F2018%2F02%2FND4_2432-1200x800.jpg&amp;h=230&amp;q=90&amp;f=.jpg\" alt=\"Felix Bordogna\" width=\"345\" height=\"230\" \/><\/a><p class=\"jig-HTMLdescription\">Felix Bordogna<\/p><\/li><li><a href=\"https:\/\/www.pgwinti.ch\/wp-content\/uploads\/2018\/02\/ND4_2387-1200x800.jpg\"><img loading=\"lazy\" decoding=\"async\" src=\"https:\/\/www.pgwinti.ch\/wp-content\/plugins\/justified-image-grid\/timthumb.php?src=https%3A%2F%2Fwww.pgwinti.ch%2Fwp-content%2Fuploads%2F2018%2F02%2FND4_2387-1200x800.jpg&amp;h=230&amp;q=90&amp;f=.jpg\" alt=\"Felix Bordogna\" width=\"345\" height=\"230\" \/><\/a><p class=\"jig-HTMLdescription\">Felix Bordogna<\/p><\/li><li><a href=\"https:\/\/www.pgwinti.ch\/wp-content\/uploads\/2018\/02\/ND4_2476-1200x800.jpg\"><img loading=\"lazy\" decoding=\"async\" src=\"https:\/\/www.pgwinti.ch\/wp-content\/plugins\/justified-image-grid\/timthumb.php?src=https%3A%2F%2Fwww.pgwinti.ch%2Fwp-content%2Fuploads%2F2018%2F02%2FND4_2476-1200x800.jpg&amp;h=230&amp;q=90&amp;f=.jpg\" alt=\"Felix Bordogna\" width=\"345\" height=\"230\" \/><\/a><p class=\"jig-HTMLdescription\">Felix Bordogna<\/p><\/li><li><a href=\"https:\/\/www.pgwinti.ch\/wp-content\/uploads\/2018\/02\/ND4_2475-1200x799.jpg\"><img loading=\"lazy\" decoding=\"async\" src=\"https:\/\/www.pgwinti.ch\/wp-content\/plugins\/justified-image-grid\/timthumb.php?src=https%3A%2F%2Fwww.pgwinti.ch%2Fwp-content%2Fuploads%2F2018%2F02%2FND4_2475-1200x799.jpg&amp;h=230&amp;q=90&amp;f=.jpg\" alt=\"Felix Bordogna\" width=\"345\" height=\"230\" \/><\/a><p class=\"jig-HTMLdescription\">Felix Bordogna<\/p><\/li><li><a href=\"https:\/\/www.pgwinti.ch\/wp-content\/uploads\/2018\/02\/ND4_2439-1200x960.jpg\"><img loading=\"lazy\" decoding=\"async\" src=\"https:\/\/www.pgwinti.ch\/wp-content\/plugins\/justified-image-grid\/timthumb.php?src=https%3A%2F%2Fwww.pgwinti.ch%2Fwp-content%2Fuploads%2F2018%2F02%2FND4_2439-1200x960.jpg&amp;h=230&amp;q=90&amp;f=.jpg\" alt=\"Felix Bordogna\" width=\"287\" height=\"230\" \/><\/a><p class=\"jig-HTMLdescription\">Felix Bordogna<\/p><\/li><\/ul><\/noscript><\/div>\n<\/div><\/section>\n","protected":false},"excerpt":{"rendered":"","protected":false},"author":1,"featured_media":1495,"comment_status":"closed","ping_status":"closed","sticky":false,"template":"","format":"standard","meta":{"_exactmetrics_skip_tracking":false,"_exactmetrics_sitenote_active":false,"_exactmetrics_sitenote_note":"","_exactmetrics_sitenote_category":0,"footnotes":""},"categories":[16],"tags":[],"class_list":["post-1477","post","type-post","status-publish","format-standard","has-post-thumbnail","hentry","category-veranstaltungen"],"_links":{"self":[{"href":"https:\/\/www.pgwinti.ch\/index.php?rest_route=\/wp\/v2\/posts\/1477","targetHints":{"allow":["GET"]}}],"collection":[{"href":"https:\/\/www.pgwinti.ch\/index.php?rest_route=\/wp\/v2\/posts"}],"about":[{"href":"https:\/\/www.pgwinti.ch\/index.php?rest_route=\/wp\/v2\/types\/post"}],"author":[{"embeddable":true,"href":"https:\/\/www.pgwinti.ch\/index.php?rest_route=\/wp\/v2\/users\/1"}],"replies":[{"embeddable":true,"href":"https:\/\/www.pgwinti.ch\/index.php?rest_route=%2Fwp%2Fv2%2Fcomments&post=1477"}],"version-history":[{"count":7,"href":"https:\/\/www.pgwinti.ch\/index.php?rest_route=\/wp\/v2\/posts\/1477\/revisions"}],"predecessor-version":[{"id":1508,"href":"https:\/\/www.pgwinti.ch\/index.php?rest_route=\/wp\/v2\/posts\/1477\/revisions\/1508"}],"wp:featuredmedia":[{"embeddable":true,"href":"https:\/\/www.pgwinti.ch\/index.php?rest_route=\/wp\/v2\/media\/1495"}],"wp:attachment":[{"href":"https:\/\/www.pgwinti.ch\/index.php?rest_route=%2Fwp%2Fv2%2Fmedia&parent=1477"}],"wp:term":[{"taxonomy":"category","embeddable":true,"href":"https:\/\/www.pgwinti.ch\/index.php?rest_route=%2Fwp%2Fv2%2Fcategories&post=1477"},{"taxonomy":"post_tag","embeddable":true,"href":"https:\/\/www.pgwinti.ch\/index.php?rest_route=%2Fwp%2Fv2%2Ftags&post=1477"}],"curies":[{"name":"wp","href":"https:\/\/api.w.org\/{rel}","templated":true}]}}